{"id":3872,"date":"2019-08-11T14:09:19","date_gmt":"2019-08-11T12:09:19","guid":{"rendered":"http:\/\/www.verschwisterung-schotten.de\/vvs\/?p=3872"},"modified":"2019-08-15T14:12:00","modified_gmt":"2019-08-15T12:12:00","slug":"bericht-ueber-die-tour-du-jumelage-2019","status":"publish","type":"post","link":"https:\/\/www.verschwisterung-schotten.de\/vvs\/2019\/08\/11\/bericht-ueber-die-tour-du-jumelage-2019\/","title":{"rendered":"Bericht \u00fcber die Tour du Jumelage 2019"},"content":{"rendered":"\t\t<div data-elementor-type=\"wp-post\" data-elementor-id=\"3872\" class=\"elementor elementor-3872\">\n\t\t\t\t\t\t\t\t\t<section class=\"elementor-section elementor-top-section elementor-element elementor-element-29832ba elementor-section-boxed elementor-section-height-default elementor-section-height-default\" data-id=\"29832ba\" data-element_type=\"section\">\n\t\t\t\t\t\t<div class=\"elementor-container elementor-column-gap-default\">\n\t\t\t\t\t<div class=\"elementor-column elementor-col-100 elementor-top-column elementor-element elementor-element-34610d1\" data-id=\"34610d1\" data-element_type=\"column\">\n\t\t\t<div class=\"elementor-widget-wrap elementor-element-populated\">\n\t\t\t\t\t\t\t\t<div class=\"elementor-element elementor-element-b5abc6b elementor-widget elementor-widget-text-editor\" data-id=\"b5abc6b\" data-element_type=\"widget\" data-widget_type=\"text-editor.default\">\n\t\t\t\t<div class=\"elementor-widget-container\">\n\t\t\t\t\t\t\t<p><strong><span style=\"font-size: 14pt;\">Bericht \u00fcber die Tour du Jumelage 2019<br \/><\/span><\/strong><\/p><p style=\"text-align: justify;\"><span style=\"font-family: Titillium Web;\"><span style=\"font-size: 12pt;\">Sie geh\u00f6rt ganz einfach dazu, die allj\u00e4hrliche Verschwisterungstour der Schottener Partner- und Freundschaftsst\u00e4dte. 2018 hatten die Vogelsberger das internationale Treffen in Th\u00fcringen ausgerichtet, diesmal waren die Crosner die Organisatoren, 2020 wird die Veranstaltung\u00a0vom Verschwisterungsverein Arco durchgef\u00fchrt. \u201eWo, das wissen wir derzeit noch nicht\u201c, sagte Lino Rosa, der Vorsitzende von \u201eArco obiettivo Europa\u201c, beim Abschlussabend im Hotel \u201eEthic Etapes CIS\u201c in Reims. Hier, in einer \u201ebesseren Jugendherberge\u201c, waren 17 der 21 Schottener Teilnehmerinnen und Teilnehmer untergebracht, der Rest hatte Hotels in der Umgebung gebucht.<\/span> <\/span><span style=\"font-size: 12pt;\">\u00a0<a href=\"http:\/\/www.verschwisterung-schotten.de\/vvs\/wp-content\/uploads\/2019\/08\/VVS-Aktuell-2019-07-15_Bericht-von-der-Tour-du-Jumelage-Gernot-Schobert.pdf\" target=\"_blank\" rel=\"noopener\">Weiterlesen&#8230;<\/a><\/span><\/p>\t\t\t\t\t\t<\/div>\n\t\t\t\t<\/div>\n\t\t\t\t\t<\/div>\n\t\t<\/div>\n\t\t\t\t\t\t\t<\/div>\n\t\t<\/section>\n\t\t\t\t<section class=\"elementor-section elementor-top-section elementor-element elementor-element-0414e25 elementor-section-boxed elementor-section-height-default elementor-section-height-default\" data-id=\"0414e25\" data-element_type=\"section\">\n\t\t\t\t\t\t<div class=\"elementor-container elementor-column-gap-default\">\n\t\t\t\t\t<div class=\"elementor-column elementor-col-100 elementor-top-column elementor-element elementor-element-9303577\" data-id=\"9303577\" data-element_type=\"column\">\n\t\t\t<div class=\"elementor-widget-wrap elementor-element-populated\">\n\t\t\t\t\t\t\t\t<div class=\"elementor-element elementor-element-499d74d elementor-widget elementor-widget-image\" data-id=\"499d74d\" data-element_type=\"widget\" data-widget_type=\"image.default\">\n\t\t\t\t<div class=\"elementor-widget-container\">\n\t\t\t\t\t\t\t\t\t\t\t\t<figure class=\"wp-caption\">\n\t\t\t\t\t\t\t\t\t\t\t<a href=\"http:\/\/www.verschwisterung-schotten.de\/vvs\/wp-content\/uploads\/2019\/08\/DSCN0042-neue-Groesse-1.jpg\" data-elementor-open-lightbox=\"yes\" data-elementor-lightbox-title=\"Die Bogener und Schottener Tour-Teilnehmer in Ch\u00e2lons-en-Champagne\" data-elementor-lightbox-description=\"Die Bogener und Schottener Tour-Teilnehmer in Ch\u00e2lons-en-Champagne\" data-e-action-hash=\"#elementor-action%3Aaction%3Dlightbox%26settings%3DeyJpZCI6Mzg0NCwidXJsIjoiaHR0cHM6XC9cL3d3dy52ZXJzY2h3aXN0ZXJ1bmctc2Nob3R0ZW4uZGVcL3Z2c1wvd3AtY29udGVudFwvdXBsb2Fkc1wvMjAxOVwvMDhcL0RTQ04wMDQyLW5ldWUtR3JvZXNzZS0xLmpwZyJ9\">\n\t\t\t\t\t\t\t<img fetchpriority=\"high\" decoding=\"async\" width=\"1024\" height=\"469\" src=\"https:\/\/www.verschwisterung-schotten.de\/vvs\/wp-content\/uploads\/2019\/08\/DSCN0042-neue-Groesse-1-1024x469.jpg\" class=\"attachment-large size-large wp-image-3844\" alt=\"\" srcset=\"https:\/\/www.verschwisterung-schotten.de\/vvs\/wp-content\/uploads\/2019\/08\/DSCN0042-neue-Groesse-1-1024x469.jpg 1024w, https:\/\/www.verschwisterung-schotten.de\/vvs\/wp-content\/uploads\/2019\/08\/DSCN0042-neue-Groesse-1-300x137.jpg 300w, https:\/\/www.verschwisterung-schotten.de\/vvs\/wp-content\/uploads\/2019\/08\/DSCN0042-neue-Groesse-1-768x351.jpg 768w, https:\/\/www.verschwisterung-schotten.de\/vvs\/wp-content\/uploads\/2019\/08\/DSCN0042-neue-Groesse-1-980x450.jpg 980w, https:\/\/www.verschwisterung-schotten.de\/vvs\/wp-content\/uploads\/2019\/08\/DSCN0042-neue-Groesse-1.jpg 1523w\" sizes=\"(max-width: 1024px) 100vw, 1024px\" \/>\t\t\t\t\t\t\t\t<\/a>\n\t\t\t\t\t\t\t\t\t\t\t<figcaption class=\"widget-image-caption wp-caption-text\">Die Bogener und Schottener Tour-Teilnehmer in Ch\u00e2lons-en-Champagne<\/figcaption>\n\t\t\t\t\t\t\t\t\t\t<\/figure>\n\t\t\t\t\t\t\t\t\t<\/div>\n\t\t\t\t<\/div>\n\t\t\t\t\t<\/div>\n\t\t<\/div>\n\t\t\t\t\t\t\t<\/div>\n\t\t<\/section>\n\t\t\t\t\t\t\t<\/div>\n\t\t","protected":false},"excerpt":{"rendered":"<p>Bericht \u00fcber die Tour du Jumelage 2019 Sie geh\u00f6rt ganz einfach dazu, die allj\u00e4hrliche Verschwisterungstour der Schottener Partner- und Freundschaftsst\u00e4dte. 2018 hatten die Vogelsberger das internationale Treffen in Th\u00fcringen ausgerichtet, diesmal waren die Crosner&#46;&#46;&#46;<\/p>\n","protected":false},"author":4,"featured_media":3844,"comment_status":"closed","ping_status":"closed","sticky":false,"template":"","format":"aside","meta":{"footnotes":""},"categories":[14],"tags":[],"class_list":["post-3872","post","type-post","status-publish","format-aside","has-post-thumbnail","hentry","category-tour-du-jumelage","post_format-post-format-aside"],"yoast_head":"<!-- This site is optimized with the Yoast SEO plugin v20.3 - https:\/\/yoast.com\/wordpress\/plugins\/seo\/ -->\n<title>Bericht \u00fcber die Tour du Jumelage 2019 - Verschwisterungsverein Schotten e.V.<\/title>\n<meta name=\"description\" content=\"Verein, Schotten - Verschwisterungsverein Schotten e.V. Bericht \u00fcber die Tour du Jumelage 2019 % Verschwisterung, Europa, Deutschland, Italien, Frankreich, Tschechien, Polen, Belgien, Partner, Partnerstadt, Deutschland, Berlin, Hessen\" \/>\n<meta name=\"robots\" content=\"index, follow, max-snippet:-1, max-image-preview:large, max-video-preview:-1\" \/>\n<link rel=\"canonical\" href=\"https:\/\/www.verschwisterung-schotten.de\/vvs\/2019\/08\/11\/bericht-ueber-die-tour-du-jumelage-2019\/\" \/>\n<meta property=\"og:locale\" content=\"de_DE\" \/>\n<meta property=\"og:type\" content=\"article\" \/>\n<meta property=\"og:title\" content=\"Bericht \u00fcber die Tour du Jumelage 2019 - Verschwisterungsverein Schotten e.V.\" \/>\n<meta property=\"og:description\" content=\"Verein, Schotten - Verschwisterungsverein Schotten e.V. Bericht \u00fcber die Tour du Jumelage 2019 % Verschwisterung, Europa, Deutschland, Italien, Frankreich, Tschechien, Polen, Belgien, Partner, Partnerstadt, Deutschland, Berlin, Hessen\" \/>\n<meta property=\"og:url\" content=\"https:\/\/www.verschwisterung-schotten.de\/vvs\/2019\/08\/11\/bericht-ueber-die-tour-du-jumelage-2019\/\" \/>\n<meta property=\"og:site_name\" content=\"Verschwisterungsverein Schotten e.V.\" \/>\n<meta property=\"article:publisher\" content=\"https:\/\/www.facebook.com\/verschwisterungschotten?ref=hl\" \/>\n<meta property=\"article:published_time\" content=\"2019-08-11T12:09:19+00:00\" \/>\n<meta property=\"article:modified_time\" content=\"2019-08-15T12:12:00+00:00\" \/>\n<meta property=\"og:image\" content=\"https:\/\/www.verschwisterung-schotten.de\/vvs\/wp-content\/uploads\/2019\/08\/DSCN0042-neue-Groesse-1.jpg\" \/>\n\t<meta property=\"og:image:width\" content=\"1523\" \/>\n\t<meta property=\"og:image:height\" content=\"697\" \/>\n\t<meta property=\"og:image:type\" content=\"image\/jpeg\" \/>\n<meta name=\"author\" content=\"Gernot Schobert\" \/>\n<meta name=\"twitter:card\" content=\"summary_large_image\" \/>\n<meta name=\"twitter:label1\" content=\"Verfasst von\" \/>\n\t<meta name=\"twitter:data1\" content=\"Gernot Schobert\" \/>\n\t<meta name=\"twitter:label2\" content=\"Gesch\u00e4tzte Lesezeit\" \/>\n\t<meta name=\"twitter:data2\" content=\"1\u00a0Minute\" \/>\n<script type=\"application\/ld+json\" class=\"yoast-schema-graph\">{\"@context\":\"https:\/\/schema.org\",\"@graph\":[{\"@type\":\"WebPage\",\"@id\":\"https:\/\/www.verschwisterung-schotten.de\/vvs\/2019\/08\/11\/bericht-ueber-die-tour-du-jumelage-2019\/\",\"url\":\"https:\/\/www.verschwisterung-schotten.de\/vvs\/2019\/08\/11\/bericht-ueber-die-tour-du-jumelage-2019\/\",\"name\":\"Bericht \u00fcber die Tour du Jumelage 2019 - Verschwisterungsverein Schotten e.V.\",\"isPartOf\":{\"@id\":\"https:\/\/www.verschwisterung-schotten.de\/vvs\/#website\"},\"datePublished\":\"2019-08-11T12:09:19+00:00\",\"dateModified\":\"2019-08-15T12:12:00+00:00\",\"author\":{\"@id\":\"https:\/\/www.verschwisterung-schotten.de\/vvs\/#\/schema\/person\/81161dd151cda3c9085efd1f19245c01\"},\"description\":\"Verein, Schotten - Verschwisterungsverein Schotten e.V. Bericht \u00fcber die Tour du Jumelage 2019 % Verschwisterung, Europa, Deutschland, Italien, Frankreich, Tschechien, Polen, Belgien, Partner, Partnerstadt, Deutschland, Berlin, Hessen\",\"breadcrumb\":{\"@id\":\"https:\/\/www.verschwisterung-schotten.de\/vvs\/2019\/08\/11\/bericht-ueber-die-tour-du-jumelage-2019\/#breadcrumb\"},\"inLanguage\":\"de\",\"potentialAction\":[{\"@type\":\"ReadAction\",\"target\":[\"https:\/\/www.verschwisterung-schotten.de\/vvs\/2019\/08\/11\/bericht-ueber-die-tour-du-jumelage-2019\/\"]}]},{\"@type\":\"BreadcrumbList\",\"@id\":\"https:\/\/www.verschwisterung-schotten.de\/vvs\/2019\/08\/11\/bericht-ueber-die-tour-du-jumelage-2019\/#breadcrumb\",\"itemListElement\":[{\"@type\":\"ListItem\",\"position\":1,\"name\":\"Startseite\",\"item\":\"https:\/\/www.verschwisterung-schotten.de\/vvs\/\"},{\"@type\":\"ListItem\",\"position\":2,\"name\":\"Bericht \u00fcber die Tour du Jumelage 2019\"}]},{\"@type\":\"WebSite\",\"@id\":\"https:\/\/www.verschwisterung-schotten.de\/vvs\/#website\",\"url\":\"https:\/\/www.verschwisterung-schotten.de\/vvs\/\",\"name\":\"Verschwisterungsverein Schotten e.V.\",\"description\":\"Die Verbindung zu den Partnerst\u00e4dten in Europa\",\"potentialAction\":[{\"@type\":\"SearchAction\",\"target\":{\"@type\":\"EntryPoint\",\"urlTemplate\":\"https:\/\/www.verschwisterung-schotten.de\/vvs\/?s={search_term_string}\"},\"query-input\":\"required name=search_term_string\"}],\"inLanguage\":\"de\"},{\"@type\":\"Person\",\"@id\":\"https:\/\/www.verschwisterung-schotten.de\/vvs\/#\/schema\/person\/81161dd151cda3c9085efd1f19245c01\",\"name\":\"Gernot Schobert\",\"image\":{\"@type\":\"ImageObject\",\"inLanguage\":\"de\",\"@id\":\"https:\/\/www.verschwisterung-schotten.de\/vvs\/#\/schema\/person\/image\/\",\"url\":\"https:\/\/www.verschwisterung-schotten.de\/vvs\/wp-content\/uploads\/2019\/08\/gs.jpg\",\"contentUrl\":\"https:\/\/www.verschwisterung-schotten.de\/vvs\/wp-content\/uploads\/2019\/08\/gs.jpg\",\"caption\":\"Gernot Schobert\"},\"url\":\"https:\/\/www.verschwisterung-schotten.de\/vvs\/author\/gernot\/\"}]}<\/script>\n<!-- \/ Yoast SEO plugin. -->","yoast_head_json":{"title":"Bericht \u00fcber die Tour du Jumelage 2019 - Verschwisterungsverein Schotten e.V.","description":"Verein, Schotten - Verschwisterungsverein Schotten e.V. Bericht \u00fcber die Tour du Jumelage 2019 % Verschwisterung, Europa, Deutschland, Italien, Frankreich, Tschechien, Polen, Belgien, Partner, Partnerstadt, Deutschland, Berlin, Hessen","robots":{"index":"index","follow":"follow","max-snippet":"max-snippet:-1","max-image-preview":"max-image-preview:large","max-video-preview":"max-video-preview:-1"},"canonical":"https:\/\/www.verschwisterung-schotten.de\/vvs\/2019\/08\/11\/bericht-ueber-die-tour-du-jumelage-2019\/","og_locale":"de_DE","og_type":"article","og_title":"Bericht \u00fcber die Tour du Jumelage 2019 - Verschwisterungsverein Schotten e.V.","og_description":"Verein, Schotten - Verschwisterungsverein Schotten e.V. Bericht \u00fcber die Tour du Jumelage 2019 % Verschwisterung, Europa, Deutschland, Italien, Frankreich, Tschechien, Polen, Belgien, Partner, Partnerstadt, Deutschland, Berlin, Hessen","og_url":"https:\/\/www.verschwisterung-schotten.de\/vvs\/2019\/08\/11\/bericht-ueber-die-tour-du-jumelage-2019\/","og_site_name":"Verschwisterungsverein Schotten e.V.","article_publisher":"https:\/\/www.facebook.com\/verschwisterungschotten?ref=hl","article_published_time":"2019-08-11T12:09:19+00:00","article_modified_time":"2019-08-15T12:12:00+00:00","og_image":[{"width":1523,"height":697,"url":"https:\/\/www.verschwisterung-schotten.de\/vvs\/wp-content\/uploads\/2019\/08\/DSCN0042-neue-Groesse-1.jpg","type":"image\/jpeg"}],"author":"Gernot Schobert","twitter_card":"summary_large_image","twitter_misc":{"Verfasst von":"Gernot Schobert","Gesch\u00e4tzte Lesezeit":"1\u00a0Minute"},"schema":{"@context":"https:\/\/schema.org","@graph":[{"@type":"WebPage","@id":"https:\/\/www.verschwisterung-schotten.de\/vvs\/2019\/08\/11\/bericht-ueber-die-tour-du-jumelage-2019\/","url":"https:\/\/www.verschwisterung-schotten.de\/vvs\/2019\/08\/11\/bericht-ueber-die-tour-du-jumelage-2019\/","name":"Bericht \u00fcber die Tour du Jumelage 2019 - Verschwisterungsverein Schotten e.V.","isPartOf":{"@id":"https:\/\/www.verschwisterung-schotten.de\/vvs\/#website"},"datePublished":"2019-08-11T12:09:19+00:00","dateModified":"2019-08-15T12:12:00+00:00","author":{"@id":"https:\/\/www.verschwisterung-schotten.de\/vvs\/#\/schema\/person\/81161dd151cda3c9085efd1f19245c01"},"description":"Verein, Schotten - Verschwisterungsverein Schotten e.V. Bericht \u00fcber die Tour du Jumelage 2019 % Verschwisterung, Europa, Deutschland, Italien, Frankreich, Tschechien, Polen, Belgien, Partner, Partnerstadt, Deutschland, Berlin, Hessen","breadcrumb":{"@id":"https:\/\/www.verschwisterung-schotten.de\/vvs\/2019\/08\/11\/bericht-ueber-die-tour-du-jumelage-2019\/#breadcrumb"},"inLanguage":"de","potentialAction":[{"@type":"ReadAction","target":["https:\/\/www.verschwisterung-schotten.de\/vvs\/2019\/08\/11\/bericht-ueber-die-tour-du-jumelage-2019\/"]}]},{"@type":"BreadcrumbList","@id":"https:\/\/www.verschwisterung-schotten.de\/vvs\/2019\/08\/11\/bericht-ueber-die-tour-du-jumelage-2019\/#breadcrumb","itemListElement":[{"@type":"ListItem","position":1,"name":"Startseite","item":"https:\/\/www.verschwisterung-schotten.de\/vvs\/"},{"@type":"ListItem","position":2,"name":"Bericht \u00fcber die Tour du Jumelage 2019"}]},{"@type":"WebSite","@id":"https:\/\/www.verschwisterung-schotten.de\/vvs\/#website","url":"https:\/\/www.verschwisterung-schotten.de\/vvs\/","name":"Verschwisterungsverein Schotten e.V.","description":"Die Verbindung zu den Partnerst\u00e4dten in Europa","potentialAction":[{"@type":"SearchAction","target":{"@type":"EntryPoint","urlTemplate":"https:\/\/www.verschwisterung-schotten.de\/vvs\/?s={search_term_string}"},"query-input":"required name=search_term_string"}],"inLanguage":"de"},{"@type":"Person","@id":"https:\/\/www.verschwisterung-schotten.de\/vvs\/#\/schema\/person\/81161dd151cda3c9085efd1f19245c01","name":"Gernot Schobert","image":{"@type":"ImageObject","inLanguage":"de","@id":"https:\/\/www.verschwisterung-schotten.de\/vvs\/#\/schema\/person\/image\/","url":"https:\/\/www.verschwisterung-schotten.de\/vvs\/wp-content\/uploads\/2019\/08\/gs.jpg","contentUrl":"https:\/\/www.verschwisterung-schotten.de\/vvs\/wp-content\/uploads\/2019\/08\/gs.jpg","caption":"Gernot Schobert"},"url":"https:\/\/www.verschwisterung-schotten.de\/vvs\/author\/gernot\/"}]}},"_links":{"self":[{"href":"https:\/\/www.verschwisterung-schotten.de\/vvs\/wp-json\/wp\/v2\/posts\/3872","targetHints":{"allow":["GET"]}}],"collection":[{"href":"https:\/\/www.verschwisterung-schotten.de\/vvs\/wp-json\/wp\/v2\/posts"}],"about":[{"href":"https:\/\/www.verschwisterung-schotten.de\/vvs\/wp-json\/wp\/v2\/types\/post"}],"author":[{"embeddable":true,"href":"https:\/\/www.verschwisterung-schotten.de\/vvs\/wp-json\/wp\/v2\/users\/4"}],"replies":[{"embeddable":true,"href":"https:\/\/www.verschwisterung-schotten.de\/vvs\/wp-json\/wp\/v2\/comments?post=3872"}],"version-history":[{"count":2,"href":"https:\/\/www.verschwisterung-schotten.de\/vvs\/wp-json\/wp\/v2\/posts\/3872\/revisions"}],"predecessor-version":[{"id":3874,"href":"https:\/\/www.verschwisterung-schotten.de\/vvs\/wp-json\/wp\/v2\/posts\/3872\/revisions\/3874"}],"wp:featuredmedia":[{"embeddable":true,"href":"https:\/\/www.verschwisterung-schotten.de\/vvs\/wp-json\/wp\/v2\/media\/3844"}],"wp:attachment":[{"href":"https:\/\/www.verschwisterung-schotten.de\/vvs\/wp-json\/wp\/v2\/media?parent=3872"}],"wp:term":[{"taxonomy":"category","embeddable":true,"href":"https:\/\/www.verschwisterung-schotten.de\/vvs\/wp-json\/wp\/v2\/categories?post=3872"},{"taxonomy":"post_tag","embeddable":true,"href":"https:\/\/www.verschwisterung-schotten.de\/vvs\/wp-json\/wp\/v2\/tags?post=3872"}],"curies":[{"name":"wp","href":"https:\/\/api.w.org\/{rel}","templated":true}]}}