{"id":3847,"date":"2019-05-26T14:10:36","date_gmt":"2019-05-26T12:10:36","guid":{"rendered":"http:\/\/www.verschwisterung-schotten.de\/vvs\/?p=3847"},"modified":"2019-08-15T14:06:02","modified_gmt":"2019-08-15T12:06:02","slug":"stellungnahme-des-vorsitzenden-des-verschwisterungsverein-schotten-dieter-eickhoff-zum-ergebnis-der-europawahl-2019","status":"publish","type":"post","link":"https:\/\/www.verschwisterung-schotten.de\/vvs\/2019\/05\/26\/stellungnahme-des-vorsitzenden-des-verschwisterungsverein-schotten-dieter-eickhoff-zum-ergebnis-der-europawahl-2019\/","title":{"rendered":"Stellungnahme des Vorsitzenden des Verschwisterungsverein Schotten, Dieter Eickhoff, zum Ergebnis der Europawahl 2019"},"content":{"rendered":"\t\t<div data-elementor-type=\"wp-post\" data-elementor-id=\"3847\" class=\"elementor elementor-3847\">\n\t\t\t\t\t\t\t\t\t<section class=\"elementor-section elementor-top-section elementor-element elementor-element-c3e2683 elementor-section-boxed elementor-section-height-default elementor-section-height-default\" data-id=\"c3e2683\" data-element_type=\"section\">\n\t\t\t\t\t\t<div class=\"elementor-container elementor-column-gap-default\">\n\t\t\t\t\t<div class=\"elementor-column elementor-col-100 elementor-top-column elementor-element elementor-element-4a9e40b\" data-id=\"4a9e40b\" data-element_type=\"column\">\n\t\t\t<div class=\"elementor-widget-wrap elementor-element-populated\">\n\t\t\t\t\t\t\t\t<div class=\"elementor-element elementor-element-e0a19a9 elementor-widget elementor-widget-text-editor\" data-id=\"e0a19a9\" data-element_type=\"widget\" data-widget_type=\"text-editor.default\">\n\t\t\t\t<div class=\"elementor-widget-container\">\n\t\t\t\t\t\t\t<p><strong><span style=\"font-size: 14pt;\">Stellungnahme des Vorsitzenden des Verschwisterungsverein Schotten, Dieter Eickhoff, zum Ergebnis der Europawahl 2019<\/span><\/strong><\/p><p style=\"text-align: justify;\"><span style=\"font-size: 12pt;\">Liebe Freunde Europas,<\/span><\/p><p style=\"text-align: justify;\"><span style=\"font-size: 12pt;\">die EUROPAWAHL 2019 ist gelaufen. Ich pers\u00f6nlich bin sehr froh und erleichtert dar\u00fcber, dass die Nationalisten und europafeindlichen Populisten nicht den \u00fcberw\u00e4ltigenden Erfolg hatten, den sie selbst erhofft und sehr viele bef\u00fcrchtet hatten. Nat\u00fcrlich sind die Ergebnisse in den L\u00e4ndern der Europ\u00e4ischen Union sehr unterschiedlich, so vielf\u00e4ltig eben wie Europa nun mal ist: in dem einen Land wurden Sozialdemokraten oder Konservative strahlende Sieger und die Nationalisten blieben chancenlos (Beispiel: Spanien), in anderen L\u00e4ndern sind die Gegner Europas zur dominanten Kraft geworden (Beispiel: Italien). <a href=\"http:\/\/www.verschwisterung-schotten.de\/vvs\/wp-content\/uploads\/2019\/05\/VVS-Aktuell-2019-05-27.pdf\" target=\"_blank\" rel=\"noopener\">Weiterlesen&#8230;<\/a><\/span><\/p>\t\t\t\t\t\t<\/div>\n\t\t\t\t<\/div>\n\t\t\t\t\t<\/div>\n\t\t<\/div>\n\t\t\t\t\t\t\t<\/div>\n\t\t<\/section>\n\t\t\t\t<section class=\"elementor-section elementor-top-section elementor-element elementor-element-daf6926 elementor-section-boxed elementor-section-height-default elementor-section-height-default\" data-id=\"daf6926\" data-element_type=\"section\">\n\t\t\t\t\t\t<div class=\"elementor-container elementor-column-gap-default\">\n\t\t\t\t\t<div class=\"elementor-column elementor-col-100 elementor-top-column elementor-element elementor-element-fd2d15b\" data-id=\"fd2d15b\" data-element_type=\"column\">\n\t\t\t<div class=\"elementor-widget-wrap elementor-element-populated\">\n\t\t\t\t\t\t\t\t<div class=\"elementor-element elementor-element-e5336e8 elementor-widget elementor-widget-image\" data-id=\"e5336e8\" data-element_type=\"widget\" data-widget_type=\"image.default\">\n\t\t\t\t<div class=\"elementor-widget-container\">\n\t\t\t\t\t\t\t\t\t\t\t\t<figure class=\"wp-caption\">\n\t\t\t\t\t\t\t\t\t\t\t<a href=\"http:\/\/www.verschwisterung-schotten.de\/vvs\/europawahlen-2019\/\">\n\t\t\t\t\t\t\t<img fetchpriority=\"high\" decoding=\"async\" width=\"1021\" height=\"688\" src=\"https:\/\/www.verschwisterung-schotten.de\/vvs\/wp-content\/uploads\/2019\/05\/EU-Wahl-Banner-Mai-2019.jpg\" class=\"attachment-large size-large wp-image-3766\" alt=\"\" srcset=\"https:\/\/www.verschwisterung-schotten.de\/vvs\/wp-content\/uploads\/2019\/05\/EU-Wahl-Banner-Mai-2019.jpg 1021w, https:\/\/www.verschwisterung-schotten.de\/vvs\/wp-content\/uploads\/2019\/05\/EU-Wahl-Banner-Mai-2019-300x202.jpg 300w, https:\/\/www.verschwisterung-schotten.de\/vvs\/wp-content\/uploads\/2019\/05\/EU-Wahl-Banner-Mai-2019-768x518.jpg 768w\" sizes=\"(max-width: 1021px) 100vw, 1021px\" \/>\t\t\t\t\t\t\t\t<\/a>\n\t\t\t\t\t\t\t\t\t\t\t<figcaption class=\"widget-image-caption wp-caption-text\">Banner zur Europawahl im Kreisverkehr: Mit einem gro\u00dfen Banner im Kreisverkehr n\u00e4he Bauhof rief der Verschwisterungsverein Schotten zur Beteiligung an der Europawahl 2019 auf. Die Botschaft war W\u00e4hl Europa! Denn: Es ist Dein Europa!<\/figcaption>\n\t\t\t\t\t\t\t\t\t\t<\/figure>\n\t\t\t\t\t\t\t\t\t<\/div>\n\t\t\t\t<\/div>\n\t\t\t\t\t<\/div>\n\t\t<\/div>\n\t\t\t\t\t\t\t<\/div>\n\t\t<\/section>\n\t\t\t\t\t\t\t<\/div>\n\t\t","protected":false},"excerpt":{"rendered":"<p>Stellungnahme des Vorsitzenden des Verschwisterungsverein Schotten, Dieter Eickhoff, zum Ergebnis der Europawahl 2019 Liebe Freunde Europas, die EUROPAWAHL 2019 ist gelaufen. Ich pers\u00f6nlich bin sehr froh und erleichtert dar\u00fcber, dass die Nationalisten und europafeindlichen&#46;&#46;&#46;<\/p>\n","protected":false},"author":3,"featured_media":3800,"comment_status":"closed","ping_status":"closed","sticky":false,"template":"","format":"aside","meta":{"footnotes":""},"categories":[22],"tags":[],"class_list":["post-3847","post","type-post","status-publish","format-aside","has-post-thumbnail","hentry","category-vereinsarbeit","post_format-post-format-aside"],"yoast_head":"<!-- This site is optimized with the Yoast SEO plugin v20.3 - https:\/\/yoast.com\/wordpress\/plugins\/seo\/ -->\n<title>Stellungnahme des Vorsitzenden des Verschwisterungsverein Schotten, Dieter Eickhoff, zum Ergebnis der Europawahl 2019 - Verschwisterungsverein Schotten e.V.<\/title>\n<meta name=\"description\" content=\"Verein, Schotten - Verschwisterungsverein Schotten e.V. Stellungnahme des Vorsitzenden des Verschwisterungsverein Schotten, Dieter Eickhoff, zum Ergebnis der Europawahl 2019 % Verschwisterung, Europa, Deutschland, Italien, Frankreich, Tschechien, Polen, Belgien, Partner, Partnerstadt, Deutschland, Berlin, Hessen\" \/>\n<meta name=\"robots\" content=\"index, follow, max-snippet:-1, max-image-preview:large, max-video-preview:-1\" \/>\n<link rel=\"canonical\" href=\"https:\/\/www.verschwisterung-schotten.de\/vvs\/2019\/05\/26\/stellungnahme-des-vorsitzenden-des-verschwisterungsverein-schotten-dieter-eickhoff-zum-ergebnis-der-europawahl-2019\/\" \/>\n<meta property=\"og:locale\" content=\"de_DE\" \/>\n<meta property=\"og:type\" content=\"article\" \/>\n<meta property=\"og:title\" content=\"Stellungnahme des Vorsitzenden des Verschwisterungsverein Schotten, Dieter Eickhoff, zum Ergebnis der Europawahl 2019 - Verschwisterungsverein Schotten e.V.\" \/>\n<meta property=\"og:description\" content=\"Verein, Schotten - Verschwisterungsverein Schotten e.V. Stellungnahme des Vorsitzenden des Verschwisterungsverein Schotten, Dieter Eickhoff, zum Ergebnis der Europawahl 2019 % Verschwisterung, Europa, Deutschland, Italien, Frankreich, Tschechien, Polen, Belgien, Partner, Partnerstadt, Deutschland, Berlin, Hessen\" \/>\n<meta property=\"og:url\" content=\"https:\/\/www.verschwisterung-schotten.de\/vvs\/2019\/05\/26\/stellungnahme-des-vorsitzenden-des-verschwisterungsverein-schotten-dieter-eickhoff-zum-ergebnis-der-europawahl-2019\/\" \/>\n<meta property=\"og:site_name\" content=\"Verschwisterungsverein Schotten e.V.\" \/>\n<meta property=\"article:publisher\" content=\"https:\/\/www.facebook.com\/verschwisterungschotten?ref=hl\" \/>\n<meta property=\"article:published_time\" content=\"2019-05-26T12:10:36+00:00\" \/>\n<meta property=\"article:modified_time\" content=\"2019-08-15T12:06:02+00:00\" \/>\n<meta property=\"og:image\" content=\"https:\/\/www.verschwisterung-schotten.de\/vvs\/wp-content\/uploads\/2019\/05\/Europawahl.jpg\" \/>\n\t<meta property=\"og:image:width\" content=\"1512\" \/>\n\t<meta property=\"og:image:height\" content=\"614\" \/>\n\t<meta property=\"og:image:type\" content=\"image\/jpeg\" \/>\n<meta name=\"author\" content=\"Dieter Eickhoff\" \/>\n<meta name=\"twitter:card\" content=\"summary_large_image\" \/>\n<meta name=\"twitter:label1\" content=\"Verfasst von\" \/>\n\t<meta name=\"twitter:data1\" content=\"Dieter Eickhoff\" \/>\n\t<meta name=\"twitter:label2\" content=\"Gesch\u00e4tzte Lesezeit\" \/>\n\t<meta name=\"twitter:data2\" content=\"1\u00a0Minute\" \/>\n<script type=\"application\/ld+json\" class=\"yoast-schema-graph\">{\"@context\":\"https:\/\/schema.org\",\"@graph\":[{\"@type\":\"WebPage\",\"@id\":\"https:\/\/www.verschwisterung-schotten.de\/vvs\/2019\/05\/26\/stellungnahme-des-vorsitzenden-des-verschwisterungsverein-schotten-dieter-eickhoff-zum-ergebnis-der-europawahl-2019\/\",\"url\":\"https:\/\/www.verschwisterung-schotten.de\/vvs\/2019\/05\/26\/stellungnahme-des-vorsitzenden-des-verschwisterungsverein-schotten-dieter-eickhoff-zum-ergebnis-der-europawahl-2019\/\",\"name\":\"Stellungnahme des Vorsitzenden des Verschwisterungsverein Schotten, Dieter Eickhoff, zum Ergebnis der Europawahl 2019 - Verschwisterungsverein Schotten e.V.\",\"isPartOf\":{\"@id\":\"https:\/\/www.verschwisterung-schotten.de\/vvs\/#website\"},\"datePublished\":\"2019-05-26T12:10:36+00:00\",\"dateModified\":\"2019-08-15T12:06:02+00:00\",\"author\":{\"@id\":\"https:\/\/www.verschwisterung-schotten.de\/vvs\/#\/schema\/person\/0f958f051ab318ccf601152442c00b82\"},\"description\":\"Verein, Schotten - Verschwisterungsverein Schotten e.V. Stellungnahme des Vorsitzenden des Verschwisterungsverein Schotten, Dieter Eickhoff, zum Ergebnis der Europawahl 2019 % Verschwisterung, Europa, Deutschland, Italien, Frankreich, Tschechien, Polen, Belgien, Partner, Partnerstadt, Deutschland, Berlin, Hessen\",\"breadcrumb\":{\"@id\":\"https:\/\/www.verschwisterung-schotten.de\/vvs\/2019\/05\/26\/stellungnahme-des-vorsitzenden-des-verschwisterungsverein-schotten-dieter-eickhoff-zum-ergebnis-der-europawahl-2019\/#breadcrumb\"},\"inLanguage\":\"de\",\"potentialAction\":[{\"@type\":\"ReadAction\",\"target\":[\"https:\/\/www.verschwisterung-schotten.de\/vvs\/2019\/05\/26\/stellungnahme-des-vorsitzenden-des-verschwisterungsverein-schotten-dieter-eickhoff-zum-ergebnis-der-europawahl-2019\/\"]}]},{\"@type\":\"BreadcrumbList\",\"@id\":\"https:\/\/www.verschwisterung-schotten.de\/vvs\/2019\/05\/26\/stellungnahme-des-vorsitzenden-des-verschwisterungsverein-schotten-dieter-eickhoff-zum-ergebnis-der-europawahl-2019\/#breadcrumb\",\"itemListElement\":[{\"@type\":\"ListItem\",\"position\":1,\"name\":\"Startseite\",\"item\":\"https:\/\/www.verschwisterung-schotten.de\/vvs\/\"},{\"@type\":\"ListItem\",\"position\":2,\"name\":\"Stellungnahme des Vorsitzenden des Verschwisterungsverein Schotten, Dieter Eickhoff, zum Ergebnis der Europawahl 2019\"}]},{\"@type\":\"WebSite\",\"@id\":\"https:\/\/www.verschwisterung-schotten.de\/vvs\/#website\",\"url\":\"https:\/\/www.verschwisterung-schotten.de\/vvs\/\",\"name\":\"Verschwisterungsverein Schotten e.V.\",\"description\":\"Die Verbindung zu den Partnerst\u00e4dten in Europa\",\"potentialAction\":[{\"@type\":\"SearchAction\",\"target\":{\"@type\":\"EntryPoint\",\"urlTemplate\":\"https:\/\/www.verschwisterung-schotten.de\/vvs\/?s={search_term_string}\"},\"query-input\":\"required name=search_term_string\"}],\"inLanguage\":\"de\"},{\"@type\":\"Person\",\"@id\":\"https:\/\/www.verschwisterung-schotten.de\/vvs\/#\/schema\/person\/0f958f051ab318ccf601152442c00b82\",\"name\":\"Dieter Eickhoff\",\"image\":{\"@type\":\"ImageObject\",\"inLanguage\":\"de\",\"@id\":\"https:\/\/www.verschwisterung-schotten.de\/vvs\/#\/schema\/person\/image\/\",\"url\":\"https:\/\/www.verschwisterung-schotten.de\/vvs\/wp-content\/uploads\/2019\/08\/Dieter_Eickhoff_WP-Avatar.jpg\",\"contentUrl\":\"https:\/\/www.verschwisterung-schotten.de\/vvs\/wp-content\/uploads\/2019\/08\/Dieter_Eickhoff_WP-Avatar.jpg\",\"caption\":\"Dieter Eickhoff\"},\"sameAs\":[\"http:\/\/www.verschwisterung-schotten.de\"],\"url\":\"https:\/\/www.verschwisterung-schotten.de\/vvs\/author\/dieter\/\"}]}<\/script>\n<!-- \/ Yoast SEO plugin. -->","yoast_head_json":{"title":"Stellungnahme des Vorsitzenden des Verschwisterungsverein Schotten, Dieter Eickhoff, zum Ergebnis der Europawahl 2019 - Verschwisterungsverein Schotten e.V.","description":"Verein, Schotten - Verschwisterungsverein Schotten e.V. Stellungnahme des Vorsitzenden des Verschwisterungsverein Schotten, Dieter Eickhoff, zum Ergebnis der Europawahl 2019 % Verschwisterung, Europa, Deutschland, Italien, Frankreich, Tschechien, Polen, Belgien, Partner, Partnerstadt, Deutschland, Berlin, Hessen","robots":{"index":"index","follow":"follow","max-snippet":"max-snippet:-1","max-image-preview":"max-image-preview:large","max-video-preview":"max-video-preview:-1"},"canonical":"https:\/\/www.verschwisterung-schotten.de\/vvs\/2019\/05\/26\/stellungnahme-des-vorsitzenden-des-verschwisterungsverein-schotten-dieter-eickhoff-zum-ergebnis-der-europawahl-2019\/","og_locale":"de_DE","og_type":"article","og_title":"Stellungnahme des Vorsitzenden des Verschwisterungsverein Schotten, Dieter Eickhoff, zum Ergebnis der Europawahl 2019 - Verschwisterungsverein Schotten e.V.","og_description":"Verein, Schotten - Verschwisterungsverein Schotten e.V. Stellungnahme des Vorsitzenden des Verschwisterungsverein Schotten, Dieter Eickhoff, zum Ergebnis der Europawahl 2019 % Verschwisterung, Europa, Deutschland, Italien, Frankreich, Tschechien, Polen, Belgien, Partner, Partnerstadt, Deutschland, Berlin, Hessen","og_url":"https:\/\/www.verschwisterung-schotten.de\/vvs\/2019\/05\/26\/stellungnahme-des-vorsitzenden-des-verschwisterungsverein-schotten-dieter-eickhoff-zum-ergebnis-der-europawahl-2019\/","og_site_name":"Verschwisterungsverein Schotten e.V.","article_publisher":"https:\/\/www.facebook.com\/verschwisterungschotten?ref=hl","article_published_time":"2019-05-26T12:10:36+00:00","article_modified_time":"2019-08-15T12:06:02+00:00","og_image":[{"width":1512,"height":614,"url":"https:\/\/www.verschwisterung-schotten.de\/vvs\/wp-content\/uploads\/2019\/05\/Europawahl.jpg","type":"image\/jpeg"}],"author":"Dieter Eickhoff","twitter_card":"summary_large_image","twitter_misc":{"Verfasst von":"Dieter Eickhoff","Gesch\u00e4tzte Lesezeit":"1\u00a0Minute"},"schema":{"@context":"https:\/\/schema.org","@graph":[{"@type":"WebPage","@id":"https:\/\/www.verschwisterung-schotten.de\/vvs\/2019\/05\/26\/stellungnahme-des-vorsitzenden-des-verschwisterungsverein-schotten-dieter-eickhoff-zum-ergebnis-der-europawahl-2019\/","url":"https:\/\/www.verschwisterung-schotten.de\/vvs\/2019\/05\/26\/stellungnahme-des-vorsitzenden-des-verschwisterungsverein-schotten-dieter-eickhoff-zum-ergebnis-der-europawahl-2019\/","name":"Stellungnahme des Vorsitzenden des Verschwisterungsverein Schotten, Dieter Eickhoff, zum Ergebnis der Europawahl 2019 - Verschwisterungsverein Schotten e.V.","isPartOf":{"@id":"https:\/\/www.verschwisterung-schotten.de\/vvs\/#website"},"datePublished":"2019-05-26T12:10:36+00:00","dateModified":"2019-08-15T12:06:02+00:00","author":{"@id":"https:\/\/www.verschwisterung-schotten.de\/vvs\/#\/schema\/person\/0f958f051ab318ccf601152442c00b82"},"description":"Verein, Schotten - Verschwisterungsverein Schotten e.V. Stellungnahme des Vorsitzenden des Verschwisterungsverein Schotten, Dieter Eickhoff, zum Ergebnis der Europawahl 2019 % Verschwisterung, Europa, Deutschland, Italien, Frankreich, Tschechien, Polen, Belgien, Partner, Partnerstadt, Deutschland, Berlin, Hessen","breadcrumb":{"@id":"https:\/\/www.verschwisterung-schotten.de\/vvs\/2019\/05\/26\/stellungnahme-des-vorsitzenden-des-verschwisterungsverein-schotten-dieter-eickhoff-zum-ergebnis-der-europawahl-2019\/#breadcrumb"},"inLanguage":"de","potentialAction":[{"@type":"ReadAction","target":["https:\/\/www.verschwisterung-schotten.de\/vvs\/2019\/05\/26\/stellungnahme-des-vorsitzenden-des-verschwisterungsverein-schotten-dieter-eickhoff-zum-ergebnis-der-europawahl-2019\/"]}]},{"@type":"BreadcrumbList","@id":"https:\/\/www.verschwisterung-schotten.de\/vvs\/2019\/05\/26\/stellungnahme-des-vorsitzenden-des-verschwisterungsverein-schotten-dieter-eickhoff-zum-ergebnis-der-europawahl-2019\/#breadcrumb","itemListElement":[{"@type":"ListItem","position":1,"name":"Startseite","item":"https:\/\/www.verschwisterung-schotten.de\/vvs\/"},{"@type":"ListItem","position":2,"name":"Stellungnahme des Vorsitzenden des Verschwisterungsverein Schotten, Dieter Eickhoff, zum Ergebnis der Europawahl 2019"}]},{"@type":"WebSite","@id":"https:\/\/www.verschwisterung-schotten.de\/vvs\/#website","url":"https:\/\/www.verschwisterung-schotten.de\/vvs\/","name":"Verschwisterungsverein Schotten e.V.","description":"Die Verbindung zu den Partnerst\u00e4dten in Europa","potentialAction":[{"@type":"SearchAction","target":{"@type":"EntryPoint","urlTemplate":"https:\/\/www.verschwisterung-schotten.de\/vvs\/?s={search_term_string}"},"query-input":"required name=search_term_string"}],"inLanguage":"de"},{"@type":"Person","@id":"https:\/\/www.verschwisterung-schotten.de\/vvs\/#\/schema\/person\/0f958f051ab318ccf601152442c00b82","name":"Dieter Eickhoff","image":{"@type":"ImageObject","inLanguage":"de","@id":"https:\/\/www.verschwisterung-schotten.de\/vvs\/#\/schema\/person\/image\/","url":"https:\/\/www.verschwisterung-schotten.de\/vvs\/wp-content\/uploads\/2019\/08\/Dieter_Eickhoff_WP-Avatar.jpg","contentUrl":"https:\/\/www.verschwisterung-schotten.de\/vvs\/wp-content\/uploads\/2019\/08\/Dieter_Eickhoff_WP-Avatar.jpg","caption":"Dieter Eickhoff"},"sameAs":["http:\/\/www.verschwisterung-schotten.de"],"url":"https:\/\/www.verschwisterung-schotten.de\/vvs\/author\/dieter\/"}]}},"_links":{"self":[{"href":"https:\/\/www.verschwisterung-schotten.de\/vvs\/wp-json\/wp\/v2\/posts\/3847","targetHints":{"allow":["GET"]}}],"collection":[{"href":"https:\/\/www.verschwisterung-schotten.de\/vvs\/wp-json\/wp\/v2\/posts"}],"about":[{"href":"https:\/\/www.verschwisterung-schotten.de\/vvs\/wp-json\/wp\/v2\/types\/post"}],"author":[{"embeddable":true,"href":"https:\/\/www.verschwisterung-schotten.de\/vvs\/wp-json\/wp\/v2\/users\/3"}],"replies":[{"embeddable":true,"href":"https:\/\/www.verschwisterung-schotten.de\/vvs\/wp-json\/wp\/v2\/comments?post=3847"}],"version-history":[{"count":3,"href":"https:\/\/www.verschwisterung-schotten.de\/vvs\/wp-json\/wp\/v2\/posts\/3847\/revisions"}],"predecessor-version":[{"id":3851,"href":"https:\/\/www.verschwisterung-schotten.de\/vvs\/wp-json\/wp\/v2\/posts\/3847\/revisions\/3851"}],"wp:featuredmedia":[{"embeddable":true,"href":"https:\/\/www.verschwisterung-schotten.de\/vvs\/wp-json\/wp\/v2\/media\/3800"}],"wp:attachment":[{"href":"https:\/\/www.verschwisterung-schotten.de\/vvs\/wp-json\/wp\/v2\/media?parent=3847"}],"wp:term":[{"taxonomy":"category","embeddable":true,"href":"https:\/\/www.verschwisterung-schotten.de\/vvs\/wp-json\/wp\/v2\/categories?post=3847"},{"taxonomy":"post_tag","embeddable":true,"href":"https:\/\/www.verschwisterung-schotten.de\/vvs\/wp-json\/wp\/v2\/tags?post=3847"}],"curies":[{"name":"wp","href":"https:\/\/api.w.org\/{rel}","templated":true}]}}